{"id":914617,"date":"2020-04-28T19:18:47","date_gmt":"2020-04-28T18:18:47","guid":{"rendered":"http:\/\/danwolf.de\/?p=914617"},"modified":"2024-07-15T16:24:21","modified_gmt":"2024-07-15T14:24:21","slug":"kopfkirmes-corona","status":"publish","type":"post","link":"https:\/\/kopfkirmes.info\/?p=914617","title":{"rendered":"Kopfkirmes &#038; Corona"},"content":{"rendered":"\n<p>Ich glaube ja, das Jahr 2020 wollte uns allen mal richtig zeigen, wo der Hammer h\u00e4ngt!&nbsp;Anders kann ich mir den Fr\u00fchling 2020 nicht erkl\u00e4ren. H\u00e4tte mir jemand im Februar gesagt, was Ende April alles so los ist&#8230; Ich h\u00e4tte ihm wohl einen Vogel gezeigt (Und das, obwohl im Februar Corona ja durchaus schon in den g\u00e4ngigen Newsfeeds aufgetaucht ist)!<\/p>\n\n\n\n<figure class=\"wp-block-image size-large is-resized\"><img loading=\"lazy\" decoding=\"async\" src=\"https:\/\/i1.wp.com\/danwolf.de\/wp-content\/uploads\/2020\/04\/protective-masks-5090520-scaled.jpg?fit=697%2C431\" alt=\"\" class=\"wp-image-914676\" width=\"697\" height=\"431\" srcset=\"https:\/\/kopfkirmes.info\/wp-content\/uploads\/2020\/04\/protective-masks-5090520-scaled.jpg 2560w, https:\/\/kopfkirmes.info\/wp-content\/uploads\/2020\/04\/protective-masks-5090520-100x62.jpg 100w, https:\/\/kopfkirmes.info\/wp-content\/uploads\/2020\/04\/protective-masks-5090520-1024x633.jpg 1024w, https:\/\/kopfkirmes.info\/wp-content\/uploads\/2020\/04\/protective-masks-5090520-768x475.jpg 768w, https:\/\/kopfkirmes.info\/wp-content\/uploads\/2020\/04\/protective-masks-5090520-1536x949.jpg 1536w, https:\/\/kopfkirmes.info\/wp-content\/uploads\/2020\/04\/protective-masks-5090520-2048x1265.jpg 2048w\" sizes=\"auto, (max-width: 697px) 100vw, 697px\" \/><\/figure>\n\n\n\n<p>Und dann ging es ganz schnell&#8230;<br><br>Anfang M\u00e4rz kam die Welle auch hier richtig zum rollen, die Presse und Nachrichtensendungen stiegen voll ein. Mitte M\u00e4rz war es dann so weit&#8230; Kinder mussten Zuhause bleiben, Gesch\u00e4fte wurden geschlossen, zahlreiche Politiker &amp; auch Wissenschaftler sprachen &#8222;Warnungen&#8220; &amp; Verhaltensregeln aus, es gab weitreichende &#8222;Reisebeschr\u00e4nkungen&#8220;, der nahe Osterurlaub war schon durchaus in Gefahr und in den Superm\u00e4rkten wurde von Heute auf Morgen das Toilettenpapier &amp; die Nudeln knapp&#8230;<\/p>\n\n\n\n<p>Zugegeben, die ersten paar Tage hatte ich immer wieder &#8222;Momente&#8220;, in denen ich es verdammt surreal &amp; erschreckend fand. Und damit meine ich nicht nur den Anblick leerer Supermarktregale&#8230;<\/p>\n\n\n\n<p>Das Land hat innerhalb weniger Stunden eine &#8222;Vollbremsung&#8220; hingelegt. Das es dann auch noch Europaweit, ja sogar schlie\u00dflich Weltweit, solche Kreise zog&#8230; Wow&#8230; Das erlebt man in der Tat nicht oft!<br>Es gab schon so einige Ereignisse, die mir im Kopf geblieben sind. Eher schwach war da zum Beispiel der Mauerfall. Oder der Unfalltod von Prinzessin Diana 1997. Der n\u00e4chste gro\u00dfe Knall war dann der 11. September 2001. 2008, bei\/nach der gro\u00dfen Finanzkrise, ist noch relativ &#8222;frisch&#8220; im Kopf. Aber 2020 toppt es locker&#8230; Vor allem habe ich selten so eine breite &#8222;Verunsicherung&#8220; gesp\u00fcrt wie jetzt. Aber klar, so etwas in der Form gab es in der (j\u00fcngsten) Geschichte einfach noch nicht. Und in einer globalen Welt, ist eben auch mal ganz schnell selbige komplett betroffen. Das hat Eindruck hinterlassen&#8230;<\/p>\n\n\n\n<p>Jetzt, nach \u00fcber 6 Wochen im &#8222;Lockdown&#8220;<em> (Ich finde dieser Wort furchtbar, aber es ist sehr eing\u00e4ngig)<\/em> f\u00fchlt es sich f\u00fcr mich pers\u00f6nlich schon ganz anders an. Es ist eine gewisse Ruhe eingekehrt. Nicht nur da drau\u00dfen auf der Stra\u00dfe (Wobei, Stand jetzt &#8211; 28. April- wird es schon wieder gef\u00fchlt mehr drau\u00dfen), auch bei mir selbst. Ich genie\u00dfe es, dass die Menschen (auch auf den \u00c4mtern, in Arztpraxen, im Supermarkt usw.) gezwungenerma\u00dfen deutlich &#8222;langsamer&#8220; &amp; vielleicht auch etwas entspannter arbeiten. \u00c4ndern k\u00f6nnen sie\/wir eh nichts an der Situation. Das tut mir gerade richtig gut. Hatte ich vorher doch eigentlich immer das Gef\u00fchl, irgendwie &#8222;getrieben&#8220; zu sein. Schnell, schnell, schnell&#8230;<br>Inzwischen nehmen sich sogar die ehemals als &#8222;Arbeitstiere&#8220; geltende Menschen in meinem nahen Umfeld die Zeit, mal zu entschleunigen &amp; nachzudenken. Das mag ich sehr.<\/p>\n\n\n\n<p>Mit der &#8222;Isolation&#8220; geht es mir tats\u00e4chlich auch ganz gut. War ich doch eh nie der Mensch, der st\u00e4ndig &amp; immer &#8222;auf Achse&#8220; sein und dabei so viele Menschen wie m\u00f6glich treffen musste. Nat\u00fcrlich, mal gemeinsam einen Kaffee trinken gehen oder sich zusammen mit Freunden bei diesem wundersch\u00f6nen Fr\u00fchlingswetter auf ne Wiese hauen&#8230; Das fehlt schon manchmal&#8230; Aber im Gro\u00dfen &amp; Ganzen bin ich ganz okay mit dem &#8222;allein sein&#8220;&#8230;<\/p>\n\n\n\n<p>Nichtsdestotrotz ist mir nat\u00fcrlich auch bewusst, dass es nicht wenige Menschen gibt, denen diese Zeit gerade ganz sch\u00f6n zusetzt. Seien es die pflegebed\u00fcrftigen Menschen in Pflege-\/Seniorenheimen, aber auch Menschen mit psychischen Erkrankungen oder tats\u00e4chlich auch Menschen, die auf Gesellschaft stehen. Eine Angsterkrankung ist momentan wohl auch nicht wirklich witzig. Nat\u00fcrlich bin ich selbst sehr in der Bubble, rund um &#8222;psychische Erkrankungen&#8220;, unterwegs und bekomme deswegen viele von den wirklich innovativen &amp; spontanen Ideen und Hilfeangebote mit, die von verschiedenen Stellen zur Zeit gemacht werden. Hut ab daf\u00fcr! Und das darf gerne auch noch ein bisschen so bleiben. ;)<\/p>\n\n\n\n<p>Insgesamt sehe ich es an vielen Stellen &amp; in vielen Unternehmen\/Betrieben, wie scheinbar &#8222;einfach&#8220; man doch Ideen &amp; Kompromisse findet, um &#8222;das Beste&#8220; aus der Situation zu machen. Das scheint (f\u00fcr mich ganz pers\u00f6nlich) auch so ein bisschen symptomatisch f\u00fcr das gesamte Land zu sein. Es muss oftmals erst einen m\u00e4chtigen Tritt in den Hintern geben, um etwas in eine positivere Richtung zu verschieben. Auch da&#8230; Bleibt da bitte ebenfalls dran!<\/p>\n\n\n\n<p>Und das ist tats\u00e4chlich auch meine gr\u00f6\u00dfte Hoffnung dabei&#8230; Das wir eine Menge aus dem ganzen &#8222;Mist&#8220; lernen und -selbst wenn es nur im Kleinen ist- Dinge &#8222;nach der Krise&#8220; anders h\u00e4ndeln. Und vielleicht auch mit Menschen insgesamt anders (besser?!) umgehen. <br>Was nicht wirklich beibehalten werden sollte, ist dieser endlos scheinende Schwall an Diskussionen, Vermutungen und &#8222;Hobby-Experten&#8220; im Netz. Tats\u00e4chlich hat mich das echt schwer genervt und mich dazu bewegt ab Mitte April die Finger so gut wie es geht von sozialen Medien zu lassen. Ich gucke auch jetzt nur nur einmal am Tag die wichtigen Nachrichtensendungen, nicht mehr wie zu Beginn fast st\u00fcndlich, und halte auch bei Facebook die Finger absolut still. Ist wesentlich besser f\u00fcrs Gem\u00fct.<\/p>\n\n\n\n<p>Damit m\u00f6chte ich diesen Beitrag auch abschlie\u00dfen&#8230; Allerdings nicht ohne abschlie\u00dfende Worte: Bleibt gesund, macht das Beste aus der Situation, erdet Euch vielleicht auch mal wieder ein bisschen, stellt ruhig Fragen, hinterfragt auch eventuell eingefahrene Verhaltensmuster und macht Euch -so gut es geht- eine feine Zeit. Aber genauso, scheut Euch nicht um Hilfe zu bitten, wenn ihr diese Zeit nur schwer aushaltet. :) <\/p>\n\n\n\n<p style=\"font-size:10px\" class=\"has-text-color has-background has-text-align-left has-very-dark-gray-color has-luminous-vivid-amber-background-color\"><strong><em>Disclaimer: Das soll der einzige &amp; auch letzte Beitrag zu dem Thema sein. Ich kann hier nur meine ganz pers\u00f6nliche Sichtweise &amp; Meinung zu den Geschehnissen niederschreiben, m\u00f6chte aber keineswegs irgendeine Meinungsbildung betreiben oder zu unn\u00f6tiger Diskussion aufrufen!<\/em><\/strong><\/p>\n\n\n\n<p style=\"font-size:10px\">Bildquelle: <a href=\"https:\/\/pixabay.com\/\" target=\"_blank\" rel=\"noreferrer noopener\">pixabay.com<\/a><\/p>\n","protected":false},"excerpt":{"rendered":"<p>Ich glaube ja, das Jahr 2020 wollte uns allen mal richtig zeigen, wo der Hammer h\u00e4ngt!&nbsp;Anders kann ich mir den Fr\u00fchling 2020 nicht erkl\u00e4ren. H\u00e4tte mir jemand im Februar gesagt, was Ende April alles so los ist&#8230; Ich h\u00e4tte ihm wohl einen Vogel gezeigt (Und das, obwohl im Februar Corona ja durchaus schon in den [&hellip;]<\/p>\n","protected":false},"author":1,"featured_media":914676,"comment_status":"open","ping_status":"open","sticky":false,"template":"","format":"standard","meta":{"_jetpack_memberships_contains_paid_content":false,"footnotes":""},"categories":[167],"tags":[230,302,303,174,308,304,301,305,176,231,306,307],"class_list":["post-914617","post","type-post","status-publish","format-standard","has-post-thumbnail","hentry","category-kopfkirmes","tag-angst","tag-corona","tag-covid-19","tag-depressionen","tag-gedanken","tag-isolation","tag-kopfkirme","tag-lockdown","tag-mentale-gesundheit","tag-sorgen","tag-veraenderungen","tag-zunkunft"],"jetpack_featured_media_url":"https:\/\/kopfkirmes.info\/wp-content\/uploads\/2020\/04\/protective-masks-5090520-scaled.jpg","jetpack_shortlink":"https:\/\/wp.me\/p2hr3K-3PVT","jetpack_sharing_enabled":true,"_links":{"self":[{"href":"https:\/\/kopfkirmes.info\/index.php?rest_route=\/wp\/v2\/posts\/914617","targetHints":{"allow":["GET"]}}],"collection":[{"href":"https:\/\/kopfkirmes.info\/index.php?rest_route=\/wp\/v2\/posts"}],"about":[{"href":"https:\/\/kopfkirmes.info\/index.php?rest_route=\/wp\/v2\/types\/post"}],"author":[{"embeddable":true,"href":"https:\/\/kopfkirmes.info\/index.php?rest_route=\/wp\/v2\/users\/1"}],"replies":[{"embeddable":true,"href":"https:\/\/kopfkirmes.info\/index.php?rest_route=%2Fwp%2Fv2%2Fcomments&post=914617"}],"version-history":[{"count":16,"href":"https:\/\/kopfkirmes.info\/index.php?rest_route=\/wp\/v2\/posts\/914617\/revisions"}],"predecessor-version":[{"id":916224,"href":"https:\/\/kopfkirmes.info\/index.php?rest_route=\/wp\/v2\/posts\/914617\/revisions\/916224"}],"wp:featuredmedia":[{"embeddable":true,"href":"https:\/\/kopfkirmes.info\/index.php?rest_route=\/wp\/v2\/media\/914676"}],"wp:attachment":[{"href":"https:\/\/kopfkirmes.info\/index.php?rest_route=%2Fwp%2Fv2%2Fmedia&parent=914617"}],"wp:term":[{"taxonomy":"category","embeddable":true,"href":"https:\/\/kopfkirmes.info\/index.php?rest_route=%2Fwp%2Fv2%2Fcategories&post=914617"},{"taxonomy":"post_tag","embeddable":true,"href":"https:\/\/kopfkirmes.info\/index.php?rest_route=%2Fwp%2Fv2%2Ftags&post=914617"}],"curies":[{"name":"wp","href":"https:\/\/api.w.org\/{rel}","templated":true}]}}