{"id":2033140,"date":"2026-01-28T15:30:31","date_gmt":"2026-01-28T13:30:31","guid":{"rendered":"https:\/\/kopfkirmes.info\/?p=2033140"},"modified":"2026-01-28T17:47:15","modified_gmt":"2026-01-28T15:47:15","slug":"ein-dreivierteljahr-im-schnelldurchlauf","status":"publish","type":"post","link":"https:\/\/kopfkirmes.info\/?p=2033140","title":{"rendered":"Ein Dreivierteljahr im Schnelldurchlauf"},"content":{"rendered":"\n<p>Huch&#8230; Es passiert ja doch noch etwas hier im Blog. \ud83d\ude09<br>Ja, auch ich habe viele Wochen im &#8211; inzwischen &#8222;alten&#8220; &#8211; Jahr 2025 nicht mehr wirklich dran geglaubt, hier nochmals etwas zu schreiben. Und ehrlich gesagt, war ich auch zwei-, dreimal dran, das komplette Ding hier einzustampfen.<\/p>\n\n\n\n<p>Aber von vorne, wenn auch im &#8222;Schnelldurchlauf&#8220; (Verzeiht es mir bitte, ich habe mich jetzt hingesetzt und ziehe das durch! Wenn auch eben sehr kompakt zusammengefasst) und auf die &#8222;wichtigsten&#8220; Dinge der letzten 8-9 Monate reduziert.<\/p>\n\n\n\n<h4 class=\"wp-block-heading has-text-align-center\"><em>Sommerloch<\/em><\/h4>\n\n\n\n<p>Der (Fr\u00fch)Sommer 2025 war&#8230; anstregend. Nach dem Urlaub an der Ostsee im Fr\u00fchjahr, bin ich in ein ziemliches (Alltags)Loch gefallen, habe mich wieder ganz sch\u00f6n zur\u00fcckgezogen und hab mir Anfang Juni den Ischias eingeklemmt, der mich dann fast den kompletten Hochsommer &#8222;ausgeknockt&#8220; hat. Schlaf, Bewegung, irgendwelche gro\u00dfartigen Aktivit\u00e4ten&#8230; Ich sachs mal so&#8230; An manchen Tagen war ich froh, wenn ich es zum Einkaufen geschafft habe. Das hat sich &#8211; wie auch der Sommer allgemein immer &#8211; nat\u00fcrlich ganz sch\u00f6n auf die Stimmung niedergeschlagen. Ich hatte mir ja Anfang 2025 wieder eine Fotokamera zugelegt und wollte auch w\u00e4hrend des Sommers mal h\u00e4ufiger losziehen. Nun ja&#8230; Das wurde dann erstmal etwas gebremst. Und dabei habe ich gerade im Urlaub an der Ostsee erkannt, wie viel mir das Fotografieren doch gibt und wie gut ich dabei abschalten kann.<\/p>\n\n\n\n<p>&#8222;Erschreckend&#8220; war zu dieser Zeit allerdings auch, obwohl es eindeutig eine &#8222;k\u00f6rperliche&#8220; Ursache hatte, wie sehr mir mein Kopf doch wieder &#8222;in die Karre gefahren&#8220; ist und mir fast tagt\u00e4glich gesagt habe wie &#8222;unn\u00fctz&#8220; ich doch sei weil ich &#8211; so mein Kopf &#8211; mal wieder nicht meiner Vorhaben in die Tat umsetze (umsetzen kann) und total unn\u00fctz den Tag verplempere. Yeah&#8230; Freude. Nicht!<\/p>\n\n\n\n<p>Dieses Gef\u00fchl von (arger) Selbstabwertung hat sich dann auch noch bis etwa in den Sp\u00e4tsommer\/Fr\u00fchherbst gezogen. Auch wenn der Ischias irgendwann wieder Ruhe gegeben hat, so haben mir diese paar Wochen &#8222;Nichts-tun&#8220; doch ziemlich zugesetzt. Psychisch nat\u00fcrlich aber auch rein physisch&#8230; Die Zahlen auf der Waage haben einen dicken Sprung gemacht&#8230; Nach oben. Auch hat sich meine H\u00fcfte &#8211; wohl durch die mangelnde Bewegung &#8211; wieder verst\u00e4rkt gemeldet. Im Oktober habe ich es dann endlich mal geschafft, einen Facharzt aufzusuchen. Angstst\u00f6rung sei Dank, schaffe ich sowas ja meistens erst wenn das Gr\u00f6bste durch ist. \ud83e\udee0<\/p>\n\n\n\n<p>Der Herbst war dann einigerma\u00dfen okay, ich bin wieder etwas h\u00e4ufiger &#8222;raus gekommen&#8220;, habe ein paar sch\u00f6ne Ausfl\u00fcge\/Fototouren gemacht (Auch hier nochmals der Hinweis auf meinen Fotoblog unter <a href=\"https:\/\/danwolf.de\/\" target=\"_blank\" rel=\"noreferrer noopener\">www.danwolf.de<\/a>), hatte wieder &#8222;etwas mehr&#8220; soziale Kontakte (zumindest oberfl\u00e4chig), habe dabei allerdings etwas (neues?!) entdeckt&#8230;<\/p>\n\n\n\n<h4 class=\"wp-block-heading has-text-align-center\"><em>Einsamkeit<\/em><\/h4>\n\n\n\n<p>Wie &#8222;einsam&#8220; ich doch bin und wie sehr mir &#8222;echte&#8220; Beziehungen zu anderen Menschen doch fehlen. Um ein wenig &#8222;auszuholen&#8220;&#8230; Ich habe mich ja vor bald zehn Jahren (2017) aufgrund diverse Ereignissen (Sei es die Sache mit dem damaligen Arbeitgeber, der juristischen Auseinandersetzung und dem damit v\u00f6llig zerst\u00f6ren Vertrauen in Menschen usw.) ziemlich &#8222;abgenabelt&#8220;\/zur\u00fcckgezogen und wollte lange Zeit mit kaum jemanden etwas zu tun haben. Das hat sich erst in den letzten zwei, drei Jahren etwas aufgebrochen, auch wenn mich der Umzug\/Verkauf vom Elternhaus dabei ziemlich zur\u00fcckgeworfen hat.<\/p>\n\n\n\n<p>Und trotzdem wollte ich wieder auf Menschen zugehen, diesem tiefen und diesem in weiten Teilen v\u00f6llig falschem Misstrauen eigentlich nicht die Oberhand \u00fcberlassen. &#8222;Einfach&#8220; eben Menschen neu oder wieder kennen lernen, unvoreingenommen, ohne Angst. Nun ja&#8230; Das hat eher weniger geklappt. Ich bin immer noch sehr misstrauisch, schaffe es kaum mehr als eine oberfl\u00e4chige Beziehung zu etablieren. Und genau das strengt ziemlich an und &#8211; um ehrlich zu sein &#8211; schmerzt auch eben ganz sch\u00f6n. Auf der anderen Seite, habe ich gerade in den letzten zwei, drei Monaten doch erkannt, was f\u00fcr ein gro\u00dfer &#8222;People Pleaser&#8220; ich doch in der Vergangenheit war. Zwar hatte ich weniger Probleme mal &#8222;Nein&#8220; zu sagen, habe allerdings immer sehr viel daf\u00fcr getan, es meinem Gegen\u00fcber doch recht zu machen und mich dabei wohl arg in meinem eigenen Ich verloren. Gleichzeitig Einsam, aber mit dem Bed\u00fcrfnis Menschen auf einer tieferen Ebene kennen zu lernen und dabei immer die Angst im Hinterkopf, nicht ich selbst sein zu k\u00f6nnen. The Struggle is real!<\/p>\n\n\n\n<p>So eine Erkenntnis macht das Kennenlernen von neuen Menschen leider nicht einfacher. \ud83d\ude09<br><em>(Dazu aber eventuell mal zu anderer Zeit ein etwas ausf\u00fchrlicherer Beitrag)<\/em><\/p>\n\n\n\n<p>Zwischen diesem (neuen) Struggle war dann auch noch Weihnachten\/der Jahreswechsel. Diese zeit habe ich auch relativ ruhig verbracht, sogar das &#8222;gef\u00fcrchtete&#8220; Zusammenkommen der Familie zu Weihnachten verlief recht unspektakul\u00e4r und vergleichsweise &#8222;friedlich&#8220; (in meinem Kopf. Liegt aber vielleicht auch daran, dass ich seit dem Auszug aus dem Elternhaus auch deutlich weniger Kontakt zu Familie habe und dabei inzwischen auch einfach gewissen Dingen &#8211; aus reinem Selbstschutz &#8211; &#8222;aus dem Weg&#8220; gehe. Die Zeit &#8222;zwischen den Jahren&#8220; habe ich erneut daf\u00fcr genutzt um ein wenig &#8222;Luft zu holen&#8220;, das vergangene Jahr zu reflektieren und mir anzuschauen. an welchen (kleinen) Stellschrauben ich eventuell noch drehen kann.<\/p>\n\n\n\n<h4 class=\"wp-block-heading has-text-align-center\"><em>Blick nach vorn<\/em><\/h4>\n\n\n\n<p>Und so bin ich dann auch ins neue Jahr gegangen&#8230; 2026&#8230; Wahnsinn, wie schnell die Zeit doch vergeht. Habe mit diesem Jahr dann den Punkt erreicht, an dem ich n\u00e4her an der 50 als an der 40 bin. Autsch&#8230; So aufgeschrieben hittet das nochmals anders rein. Ich habe allerdings die Hoffnung, dass sich meine Jahrelange Gr\u00fcbelei \u00fcber mich, meinem Kopf, meiner Psyche und dem sich darauf entwickelten Leben, so langsam mal &#8222;auszahlt&#8220; (Spoiler: Ja, inzwischen  habe ich das eindeutige Gef\u00fchl, deutlich besser &#8222;mit meinem Leben &#8222;umgehen&#8220; zu k\u00f6nnen).<\/p>\n\n\n\n<p>Wirklich Vors\u00e4tze f\u00fcr 2026 habe ich keine gemacht&#8230; Ja, ich will Gewicht verlieren. Ja, ich m\u00f6chte gerne (noch) h\u00e4ufiger mit der Kamera losziehen (Fotografieren ist offenbar meine Medizin!). Und ja, auch m\u00f6chte ich 2026 auf Menschen zugehen, offen, ohne Misstrauen, daf\u00fcr mit Austausch und eventuell ja auch neuen Beziehungen.<\/p>\n\n\n\n<p>So kann ich mich durchaus auf 2026 freuen und mit 2025 durchaus &#8222;verst\u00e4ndnisvoll&#8220; abschlie\u00dfen, auch wenn es (mal wieder) ein ziemliche Achterbahnfahrt war. Zumindest hatte ich letztes Jahr mal nicht das Gef\u00fchl, mit dieser Achterbahnfahrt komplett abzust\u00fcrzen&#8230; \ud83c\udfa2<\/p>\n\n\n\n<p>Auf dann&#8230; Ab ins Jahr 2026, bis demn\u00e4chst mal&#8230; \ud83d\udc4b<\/p>\n","protected":false},"excerpt":{"rendered":"<p>Huch&#8230; Es passiert ja doch noch etwas hier im Blog. \ud83d\ude09Ja, auch ich habe viele Wochen im &#8211; inzwischen &#8222;alten&#8220; &#8211; Jahr 2025 nicht mehr wirklich dran geglaubt, hier nochmals etwas zu schreiben. Und ehrlich gesagt, war ich auch zwei-, dreimal dran, das komplette Ding hier einzustampfen. Aber von vorne, wenn auch im &#8222;Schnelldurchlauf&#8220; (Verzeiht [&hellip;]<\/p>\n","protected":false},"author":1,"featured_media":2033141,"comment_status":"open","ping_status":"open","sticky":false,"template":"","format":"standard","meta":{"_jetpack_memberships_contains_paid_content":false,"footnotes":""},"categories":[337,167],"tags":[],"class_list":["post-2033140","post","type-post","status-publish","format-standard","has-post-thumbnail","hentry","category-ads-adhs","category-kopfkirmes"],"jetpack_featured_media_url":"https:\/\/kopfkirmes.info\/wp-content\/uploads\/2026\/01\/1769437284000_R0003415.jpg","jetpack_shortlink":"https:\/\/wp.me\/p2hr3K-8wUA","jetpack_sharing_enabled":true,"_links":{"self":[{"href":"https:\/\/kopfkirmes.info\/index.php?rest_route=\/wp\/v2\/posts\/2033140","targetHints":{"allow":["GET"]}}],"collection":[{"href":"https:\/\/kopfkirmes.info\/index.php?rest_route=\/wp\/v2\/posts"}],"about":[{"href":"https:\/\/kopfkirmes.info\/index.php?rest_route=\/wp\/v2\/types\/post"}],"author":[{"embeddable":true,"href":"https:\/\/kopfkirmes.info\/index.php?rest_route=\/wp\/v2\/users\/1"}],"replies":[{"embeddable":true,"href":"https:\/\/kopfkirmes.info\/index.php?rest_route=%2Fwp%2Fv2%2Fcomments&post=2033140"}],"version-history":[{"count":16,"href":"https:\/\/kopfkirmes.info\/index.php?rest_route=\/wp\/v2\/posts\/2033140\/revisions"}],"predecessor-version":[{"id":2033159,"href":"https:\/\/kopfkirmes.info\/index.php?rest_route=\/wp\/v2\/posts\/2033140\/revisions\/2033159"}],"wp:featuredmedia":[{"embeddable":true,"href":"https:\/\/kopfkirmes.info\/index.php?rest_route=\/wp\/v2\/media\/2033141"}],"wp:attachment":[{"href":"https:\/\/kopfkirmes.info\/index.php?rest_route=%2Fwp%2Fv2%2Fmedia&parent=2033140"}],"wp:term":[{"taxonomy":"category","embeddable":true,"href":"https:\/\/kopfkirmes.info\/index.php?rest_route=%2Fwp%2Fv2%2Fcategories&post=2033140"},{"taxonomy":"post_tag","embeddable":true,"href":"https:\/\/kopfkirmes.info\/index.php?rest_route=%2Fwp%2Fv2%2Ftags&post=2033140"}],"curies":[{"name":"wp","href":"https:\/\/api.w.org\/{rel}","templated":true}]}}