{"id":1711499,"date":"2023-12-31T11:14:19","date_gmt":"2023-12-31T09:14:19","guid":{"rendered":"https:\/\/kopfkirmes.info\/?p=1711499"},"modified":"2024-07-15T16:24:15","modified_gmt":"2024-07-15T14:24:15","slug":"die-sache-mit-weihnachten-dem-jahreswechsel-2023-edition","status":"publish","type":"post","link":"https:\/\/kopfkirmes.info\/?p=1711499","title":{"rendered":"Die Sache mit Weihnachten &#038; dem Jahreswechsel (2023 Edition)"},"content":{"rendered":"\n<p>Dieses Jahr (mal wieder) ein kleines Res\u00fcmee <s>zu Weihnachten<\/s> zum Jahreswechsel <sup><em>(Sorry, der Beitrag liegt schon seit einer Woche im &#8222;Bearbeitungsmodus&#8220;)<\/em><\/sup>, grad jetzt mit dem Wissen um meine AD(H)S #Kopfkirmes&#8230;<\/p>\n\n\n\n<h4 id=\"wp-block-themeisle-blocks-advanced-heading-a1440cd7\" class=\"wp-block-themeisle-blocks-advanced-heading wp-block-themeisle-blocks-advanced-heading-a1440cd7\">Noch immer keine wirkliche Weihnachtsstimmung<\/h4>\n\n\n\n<p>Tja, was soll ich sagen?! Ich glaube, so etwas wie &#8222;richtige&#8220; Weihnachtsstimmung wird sich wohl nie mehr in meinem Leben bei mir einstellen. So ganz grunds\u00e4tzlich wird das wohl daran liegen, dass ich keine (eigene) Familie habe, wo es dann ja doch nochmals etwas anderes ist, gerade wenn man Kinder hat. Es ist sch\u00f6n zu sehen, wenn sich meine Nichte \u00fcber das Weihnachtsfest (und nat\u00fcrlich auch die Geschenke) freut, aber selbst die Freude der Nicht, ein h\u00fcbscher Weihnachtsbaum oder &#8222;besinnliche&#8220; Musik bringen mich nach wie vor so gar nicht in &#8222;Stimmung&#8220;. Seit ein paar Jahren meide ich sp\u00e4testens mit Beginn des Dezember eh die Innenst\u00e4dte (Gro\u00dfe Weihnachtsm\u00e4rkte sind so gar nicht mehr meins!) und dekoriere eh nur sehr minimal. Ich habe es ja schon mal an anderer Stelle hier im Blog gesagt, alle die darin v\u00f6llig aufgehen, bittesch\u00f6n&#8230; Ich brauche es aber in der Tat nicht&#8230; \ud83d\ude09<\/p>\n\n\n\n<h4 id=\"wp-block-themeisle-blocks-advanced-heading-c51c1d48\" class=\"wp-block-themeisle-blocks-advanced-heading wp-block-themeisle-blocks-advanced-heading-c51c1d48\">Irgendwas ist ja eh immer<\/h4>\n\n\n\n<p>Was noch zur sehr eingeschr\u00e4nkten Weihnachtsstimmung hinzu kommt, ist dass ich dieses Jahr wohl auch den Kopf total mit der Wohnungssuche bzw. jetzt bald dem Umzug habe. Das hat mich allerdings ja nicht erst im Dezember besch\u00e4ftigt, sondern viel mehr das gesamte Jahr \u00fcber. \ud83d\ude35 Daraus resultiert gerade jetzt, wo der Umzug immer n\u00e4her r\u00fcckt, ebenfalls eine sehr &#8222;melancholische&#8220;\/emotionale Stimmung. Schlie\u00dflich ziehe ich nicht nur aus der Wohnung aus, in der ich es mir seit \u00fcber 10 Jahren echt angenehm gemacht habe, ich verlasse jetzt halt auch (endg\u00fcltig) mein Elternhaus. Es ist verkauft, es gibt sicherlich kein Zur\u00fcck mehr, schon bald wird sich hier jemand anders &#8222;Zuhause&#8220; f\u00fchlen. Trifft mich alles doch mehr als erwartet. Ist diese gewohnte Umgebung mit all den \u00fcber die Jahren liebgewonnen Gewohnheiten &amp; Strukturen doch gerade seit der AD(H)S Diagnose echt zu einem sehr gro\u00dfen Halt geworden. dazu kommen noch all die Erinnerungen an die Kindheit hier im Haus, &#8222;meine Hood&#8220; in der ich aufgewachsen und gro\u00df geworden bin&#8230; Hach&#8230; So ganz bin ich mit dem Thema noch nicht wirklich durch. Sitzt doch ziemlich tief alles&#8230; \ud83d\ude14<\/p>\n\n\n\n<h4 id=\"wp-block-themeisle-blocks-advanced-heading-7e2b4268\" class=\"wp-block-themeisle-blocks-advanced-heading wp-block-themeisle-blocks-advanced-heading-7e2b4268\">Somit endet das Jahr eigentlich wie es angefangen hat<\/h4>\n\n\n\n<p>Wenn ich so aufs Jahr 2023 zur\u00fcckblicke, kann ich relativ schnell (mal wieder \ud83d\ude09) sagen, dass das Jahr 2023 im Grunde &#8222;weg kann&#8220;. Grad so im letzten halben Jahr, in dem ich eigentlich nur mit der Wohnungssuche besch\u00e4ftigt war, hat doch kaum\/gar keinen Platz f\u00fcr andere Dinge gelassen. Ist vielleicht auch ein Punkt f\u00fcr das neue Jahr, an dem ich echt arbeiten muss&#8230; Dinge mal etwas &#8222;gelassener&#8220; &amp; mit deutlich weniger &#8222;Anspannung&#8220; anzugehen. Eigentlich wollte ich ja 2023 auch ein bisschen weiterkommen in Sachen &#8222;Berufswechsel&#8220;, habe da auch schon erste zarte Schritte gemacht, leider ist das dann etwas &#8222;eingeschlafen&#8220; in dem ganzen Chaos hier im Haus\/wegen der Wohnungssuche. bzw. hatte ich daf\u00fcr dann auch irgendwann schlicht &amp; ergreifend einfach keine Ressourcen mehr f\u00fcr. N\u00e4chste Punkt auf der &#8222;ToDo Liste&#8220; f\u00fcr 2024. \ud83d\ude09Und na ja&#8230; Was definitiv auch ansteht f\u00fcrs neue Jahr, ist ein erneuter Klinikaufenthalt. Da war ich ja Ende November\/Anfang Dezember fast schon soweit mich &#8222;Notfallm\u00e4\u00dfig&#8220; in eine Klinik einweisen zu lassen, aber auch da kam dann die intensive Zeit der Wohnungssuche zwischen, also habe ich mit all den Aufgaben (die mich &#8211; zugegeben &#8211; zum Teil echt \u00fcberfordert haben) weiter fr\u00f6hlich an meinem &#8222;inneren Akku&#8220; genuckelt und grad um die Tage zu Weihnachten gemerkt, dass in diesem Akku kaum noch Power ist. Ich laufe seit Weihnachten eigentlich nur noch im &#8222;Energiesparmodus&#8220; um das wichtigste grad so zu schaffen, den Umzug irgendwie organisiert zu bekommen und danach dann wahrscheinlich v\u00f6llig ausgelutscht zu sein. Daher muss ich in der Tat da im n\u00e4chsten Jahr einfach auch mal die &#8222;Rei\u00dfleine&#8220; ziehen und eben erneut in\/mit einer Klinik an mir arbeiten.<\/p>\n\n\n\n<h4 id=\"wp-block-themeisle-blocks-advanced-heading-b8a4187d\" class=\"wp-block-themeisle-blocks-advanced-heading wp-block-themeisle-blocks-advanced-heading-b8a4187d\">Und trotzdem gibt es noch ein paar wenige vers\u00f6hnliche T\u00f6ne<\/h4>\n\n\n\n<p>Ja, ich bin &#8222;Berufspessimist&#8220;, sehe viele Dinge oft auch schon im Vorfeld sehr &#8222;schwarz&#8220; und kann nur sehr bedingt &#8222;positiv&#8220; an Dinge rangehen. Trotzdem gibt es, neben den vielen sehr anstrengenden Baustellen im Jahr 2023, auch ein paar Dinge, die mich tats\u00e4chlich etwas positiv stimmen. So bin ich grad auch im letzten halben Jahr &#8211; eben durch den ganzen Stress &amp; der emotionalen Belastung &#8211; wesentlich ruhiger geworden. Viele Dinge, Ereignisse und Momente haben mir erneut gezeigt, dass ein &#8222;sich aufregen&#8220; im Endeffekt nichts bringt. Dadurch werden die Dinge nicht besser oder gar schneller erledigt. Ganz im Gegenteil. \ud83d\ude09 Zwar bin ich immer noch da angekommen, wohin ich gerne m\u00f6chte, ich rege mich noch immer h\u00e4ufig auf und sehe die Dinge eben viel zu oft, viel zu negativ, aber es f\u00fchlt sich doch schon so an, als sei ich da auf einem guten Weg. Genauso positiv empfinde ich im letzten Jahr tats\u00e4chlich auch, dass ich mit der ganzen AD(H)S Thematik ein ganzes St\u00fcck weitergekommen bin, obwohl ich keine Unterst\u00fctzung in Form einer Therapie oder einem Facharzt habe, der wirklich in der Materie ist. Da war viel &#8222;Self-Learning&#8220; bei, aber ich bin auch etwas tiefer in die &#8222;AD(H)S Bubble&#8220; eingetaucht, hab dort viele Eindr\u00fccke von Betroffenen erlebt, dadurch viel an mir selbst reflektiert und am Ende einiges bei mir\/in meinem Verhaltensmustern ge\u00e4ndert. Das gef\u00e4llt mir echt gut, dass werde ich im Jahr 2024 definitiv weiterhin so durchziehen. Insgesamt konnte ich dieses Jahr, wahrscheinlich auch durch diesen ganzen Stress, wesentlich besser selbst zu mir stehen, mich einen ganz, ganz gro\u00dfen Teil besser selbst akzeptieren so wie ich bin (eben mit der #Kopfkirmes &amp; dem AD(H)S)&#8230; Das ist schon ein ph\u00e4nomenal gutes Gef\u00fchl&#8230; \ud83d\ude0a<\/p>\n\n\n\n<p>In diesem Sinne&#8230; M\u00f6chte ich gar nicht bewerten, wie ich das Jahr 2023 abschlie\u00dfe, sondern es &#8222;einfach mal so hinnehmen&#8220; und (etwas) positiver auf das kommende Jahr 2024, den baldigen Umzug, die neue Wohnung &amp; die damit f\u00fcr mich entstehenden &#8222;Herausforderungen&#8220; blicken&#8230;<\/p>\n\n\n\n<p>Ich werde Euch auf jeden Fall auf dem Laufenden halten, den auch der Blog ist tats\u00e4chlich zu etwas positiven im Jahr 2023 geworden. Es macht mir wieder richtig Spa\u00df, hier zu schreiben und meine Gedanken zu teilen&#8230; \ud83d\ude0a<br><br>Damit w\u00fcnsche ich meinen Lesern einen &#8222;guten Rutsch&#8220; ins neue Jahr, viele positive Eindr\u00fccke im n\u00e4chsten Jahr und alles Gute auf dem weiteren Weg&#8230; Wie auch immer dieser aussehen mag&#8230;<\/p>\n\n\n\n<p style=\"font-size:10px\">Artikelbild von <a href=\"https:\/\/pixabay.com\/de\/users\/monicore-1499084\/?utm_source=link-attribution&amp;utm_medium=referral&amp;utm_campaign=image&amp;utm_content=2926962\" target=\"_blank\" rel=\"noreferrer noopener\">Monika<\/a> auf <a href=\"https:\/\/pixabay.com\/de\/\/?utm_source=link-attribution&amp;utm_medium=referral&amp;utm_campaign=image&amp;utm_content=2926962\" target=\"_blank\" rel=\"noreferrer noopener\">Pixabay<\/a><\/p>\n","protected":false},"excerpt":{"rendered":"<p>Dieses Jahr (mal wieder) ein kleines Res\u00fcmee zu Weihnachten zum Jahreswechsel (Sorry, der Beitrag liegt schon seit einer Woche im &#8222;Bearbeitungsmodus&#8220;), grad jetzt mit dem Wissen um meine AD(H)S #Kopfkirmes&#8230; Tja, was soll ich sagen?! Ich glaube, so etwas wie &#8222;richtige&#8220; Weihnachtsstimmung wird sich wohl nie mehr in meinem Leben bei mir einstellen. So ganz [&hellip;]<\/p>\n","protected":false},"author":1,"featured_media":1711517,"comment_status":"open","ping_status":"open","sticky":false,"template":"","format":"standard","meta":{"_jetpack_memberships_contains_paid_content":false,"footnotes":""},"categories":[167],"tags":[],"class_list":["post-1711499","post","type-post","status-publish","format-standard","has-post-thumbnail","hentry","category-kopfkirmes"],"jetpack_featured_media_url":"https:\/\/kopfkirmes.info\/wp-content\/uploads\/2023\/12\/christmas-2926962_1920.jpg","jetpack_shortlink":"https:\/\/wp.me\/p2hr3K-7beP","jetpack_sharing_enabled":true,"_links":{"self":[{"href":"https:\/\/kopfkirmes.info\/index.php?rest_route=\/wp\/v2\/posts\/1711499","targetHints":{"allow":["GET"]}}],"collection":[{"href":"https:\/\/kopfkirmes.info\/index.php?rest_route=\/wp\/v2\/posts"}],"about":[{"href":"https:\/\/kopfkirmes.info\/index.php?rest_route=\/wp\/v2\/types\/post"}],"author":[{"embeddable":true,"href":"https:\/\/kopfkirmes.info\/index.php?rest_route=\/wp\/v2\/users\/1"}],"replies":[{"embeddable":true,"href":"https:\/\/kopfkirmes.info\/index.php?rest_route=%2Fwp%2Fv2%2Fcomments&post=1711499"}],"version-history":[{"count":9,"href":"https:\/\/kopfkirmes.info\/index.php?rest_route=\/wp\/v2\/posts\/1711499\/revisions"}],"predecessor-version":[{"id":1714912,"href":"https:\/\/kopfkirmes.info\/index.php?rest_route=\/wp\/v2\/posts\/1711499\/revisions\/1714912"}],"wp:featuredmedia":[{"embeddable":true,"href":"https:\/\/kopfkirmes.info\/index.php?rest_route=\/wp\/v2\/media\/1711517"}],"wp:attachment":[{"href":"https:\/\/kopfkirmes.info\/index.php?rest_route=%2Fwp%2Fv2%2Fmedia&parent=1711499"}],"wp:term":[{"taxonomy":"category","embeddable":true,"href":"https:\/\/kopfkirmes.info\/index.php?rest_route=%2Fwp%2Fv2%2Fcategories&post=1711499"},{"taxonomy":"post_tag","embeddable":true,"href":"https:\/\/kopfkirmes.info\/index.php?rest_route=%2Fwp%2Fv2%2Ftags&post=1711499"}],"curies":[{"name":"wp","href":"https:\/\/api.w.org\/{rel}","templated":true}]}}