{"id":1704349,"date":"2023-12-11T17:47:36","date_gmt":"2023-12-11T15:47:36","guid":{"rendered":"https:\/\/danwolf.de\/?p=1704349"},"modified":"2024-07-15T16:24:16","modified_gmt":"2024-07-15T14:24:16","slug":"sie-ist-wieder-da","status":"publish","type":"post","link":"https:\/\/kopfkirmes.info\/?p=1704349","title":{"rendered":"Sie ist wieder da&#8230;"},"content":{"rendered":"\n<p>&#8230; diese tiefe, dunkle und sehr stille&#8230; Ja was eigentlich?! Traurigkeit? Depression? Einsamkeit? Verzweiflung? Hoffnungslosigkeit?<\/p>\n\n\n\n<p>Um ehrlich zu sein, wei\u00df ich das gerade gar nicht genau. Es ist sicherlich eine (wilde) Mischung aus allem, aber eigentlich bin ich meisten sehr gut darin, die &#8222;treibende Kraft&#8220; hinter solchen Phasen zu deuten. Aktuell laufe ich aber wohl viel zu sehr &#8222;auf Anschlag&#8220;&#8230; \ud83d\ude43<\/p>\n\n\n\n<p>Nach aktuellen Stand sieht es n\u00e4mlich so aus, dass ich mit Jahreswechsel tats\u00e4chlich Wohnungslos bin. Der K\u00e4ufer des Hauses hat die b\u00fcrokratischen Dinge soweit eingestielt, eigentlich wollte er sogar schon zu Anfang Dezember anfangen, erste Umbauma\u00dfnahmen zu beginnen. Das verz\u00f6gert sich allerdings offenbar (zum Gl\u00fcck) noch ein bisschen. So habe ich eventuell wenigsten noch ein paar Tage &#8222;Ruhe&#8220;. Ich drehe ja schon ohne fremde Menschen im Haus v\u00f6llig durch&#8230;<\/p>\n\n\n\n<p>Aber warum ist das scheinbar so kompliziert mit der Wohnungssuche bei mir?! Kann ich Euch sagen&#8230; Weil es bestimmt auch viel an mir liegt. Ich sags mal so, ich bin jetzt nicht unbedingt der neue &#8222;Traummieter&#8220; von vielen Vermietern. Ich beziehe Sozialleistungen, meine Schufa sieht\/sah ziemlich wild aus und ich habe eben kein wirklich festes &amp; vor allem hohes Einkommen. Zumal die Lage auf dem Immobilienmarkt eben auch alles andere als &#8222;g\u00fcnstig&#8220; ist momentan.  Au\u00dferdem m\u00f6chte ich eigentlich nur \u00e4u\u00dferst ungern in eine andere Stadt ziehen, habe ich hier doch mein (kl\u00e4gliches) soziales Umfeld (zumindest Freunde, die Familie ist ja jetzt runde 50km entfernt &#8222;versammelt&#8220;), aber eben auch meine &#8222;Routinen&#8220;. So bl\u00f6d es klingt, sich bspw. neue \u00c4rzte zu suchen, sich an eine &#8222;neue&#8220; Stadt zu gew\u00f6hne oder auch in einer neuen Stadt die notwendigen Beh\u00f6rdeng\u00e4nge erledigen bzw. dort wieder alles neu zu beantragen, ist f\u00fcr mich allein im Gedanken schon der Horror und momentan kaum zu bew\u00e4ltigen. Da w\u00e4re die Gefahr nicht gering, alles aus purer \u00dcberforderung v\u00f6llig schleifen zu lassen&#8230;<\/p>\n\n\n\n<p>Gerade in den letzten &#8211; bald &#8211; drei Jahren seit der AD(H)S Diagnose habe ich bemerkt, wie ungemein wichtig mir Routinen im Alltag (geworden) sind. Sie geben mir Halt, Sicherheit und lassen mich meinen Alltag deutlich besser &#8222;organisieren&#8220;. Ja&#8230; Ich gehe tats\u00e4chlich schon seit Ewigkeiten in den selben Supermarkt, habe noch immer meine Psychiaterin obwohl die nicht gerade das Gelbe vom Ei ist, habe feste &#8222;Wasch-\/Einkaufstage&#8220; und lasse mich absolut ungern zu spontanen Dingen hinrei\u00dfen. Allein das ich mich nach einem Umzug sehr wahrscheinlich an neue &#8222;Einkaufsroutinen&#8220; gew\u00f6hnen m\u00fcsste, schafft mich im Kopf schon obwohl ich noch gar nix \u00e4ndern musste. \ud83d\ude16 Ja klar, das w\u00e4re egal ob in einem anderen Stadtteil oder in einer anderen Stadt so&#8230; Es kommt aber eben auch noch dazu, dass ich ja am liebsten hier im selben Stadtteil bleiben w\u00fcrde. Steht doch hier nicht nur das Haus meiner Kindheit, Jugend und der letzten 12 Jahre, bin ich hier &#8222;in der Hood&#8220; dich auch aufgewachsen. Weswegen ich mich hier wohl auch so besonders wohl f\u00fchle&#8230;<\/p>\n\n\n\n<p>Und genau das liegt mir &#8211; besonders in den letzten Tagen &#8211; so schwer auf dem Gem\u00fct. Jedes Mal wenn ich hier im Stadtteil unterwegs bin, kommen viele Erinnerungen &amp; Momente hoch, h\u00fcllen mich diese Erinnerungen in eine wohlige Zufriedenheit an eine Zeit, in der alles (scheinbar) noch nicht so &#8222;kompliziert&#8220; &amp; Kr\u00e4ftezehrend war. Auch wenn ich inzwischen viel \u00fcber mich &amp; meine Kindheit gelernt habe, so war die Zeit bis zur weiterf\u00fchrenden Schule wohl tats\u00e4chlich die &#8222;beste&#8220; in meinem bisherigen Leben. So unbek\u00fcmmert wie damals bin ich nie wieder gewesen. <\/p>\n\n\n\n<p>Das macht mich zutiefst traurig, vor allem weil ich eigentlich direkt nach der AD(H)S Diagnose noch relativ optimistisch in die Zukunft geschaut habe. Hat die Diagnose doch so einige &#8222;aufgel\u00f6st&#8220;, mir sehr viele neue Gedankenans\u00e4tze gebracht und mich &#8211; zumindest ein gutes Jahr lang &#8211; deutlich weitergebracht, als alle Kliniken, \u00c4rzte und Therapien davor. Leider ist mir das letzte Jahr da ziemlich zischen gegr\u00e4tscht. Besonders seit dem ich hier alleine im Haus lebe und es ziemlich still geworden ist&#8230; Nicht nur im Haus, auch in meinem Gem\u00fct und um den recht \u00fcberschaubaren Optimismus. Von Monat zu Monat habe ich die Hoffnung mehr &amp; mehr verloren, dass ich einen Umzug relativ unkompliziert \u00fcber die B\u00fchne bringen kann. Keine Frage&#8230; Stress h\u00e4tte so ein Umzug so oder so f\u00fcr mich bedeutet, aber so&#8230; Quasi 20 Tage vor der &#8222;Deadline&#8220; noch keine wirkliche L\u00f6sung zu haben&#8230; Das hat so ziemlich alles an &#8222;optimistischen Gedanken&#8220; auf Halde geschoben. Ob es noch irgendwas wird&#8230; Es ist mir in der Tat egal.<\/p>\n\n\n\n<p>Und dass es mir so egal\/gleichg\u00fcltig ist, macht mir gerade eine verdammte Angst. Es w\u00e4re nicht das erste Mal, das ich mich &#8211; aus \u00dcberforderung &#8211; &#8222;h\u00e4ngen lasse&#8220;, aber diesmal sehe zumindest ich in meinem Kirmeskopf kein wirkliches Licht am Ende des Tunnels. Da sollte eigentlich alle Alarmglocken schrillen, tun sich gerade jetzt im Dezember tats\u00e4chlich auch&#8230; Allerdings bin ich total hin- und hergerissen. Mein Verstand sagt mir ganz klar, dass der Akku leer ist, ich &#8222;auf der letzten Rille fahre&#8220; und ich gef\u00fchlt kurz vor der Implosion stehe&#8230; Der Bauch h\u00e4lt allerdings dagegen und m\u00f6chte &#8211; wie auch immer &#8211; irgendwie erst einen Umzug \u00fcber die B\u00fchne bringen, bevor meine Psyche sich abmeldet. Fakt ist aber wohl auch, die Psyche wird sich fr\u00fcher oder sp\u00e4ter ausklingen&#8230; Hoffentlich wirklich erst, wenn ich eine neue Bleibe habe&#8230; \ud83d\ude23 Der Klinikaufenthalt ist aber so gut wie sicher. Es ist halt auch einfach kaum mehr Energie f\u00fcr andere Dinge wie das &#8222;\u00dcberleben&#8220; da&#8230;<\/p>\n\n\n\n<p>All das zusammengew\u00fcrfelt ergibt eine ziemlich ekelhafte, super anstrengende und total Kr\u00e4ftezehrende Suppe, die mir quasi seit einem Jahr, aber eben ganz besonders seit etwa Mitte Oktober, so ziemlich alles raubt was mich noch irgendwie \u00fcber Wasser h\u00e4lt&#8230; \ud83d\ude2a<\/p>\n\n\n\n<p>Um ehrlich zu sein, habe ich keine oder nur ganz, ganz wenig Ahnung\/eine Idee, wie es weitergehen soll, falls ich bis zum Jahreswechsel nicht doch noch (irgendeine) Wohnung finde. In den n\u00e4chsten Tagen bewegt sich hoffentlich ein bisschen was, ich m\u00f6chte noch zwei, drei Dinge auch in der Familie kl\u00e4ren &amp; besprechen&#8230; Vielleicht gibt es dabei ja doch noch irgendeine total unerwartet \u00dcberraschung&#8230; \ud83d\ude43<\/p>\n\n\n\n<p style=\"font-size:10px\">Artikelbild von <a href=\"https:\/\/pixabay.com\/de\/users\/mylene2401-10328767\/?utm_source=link-attribution&amp;utm_medium=referral&amp;utm_campaign=image&amp;utm_content=4692572\">Myl\u00e9ne<\/a> auf <a href=\"https:\/\/pixabay.com\/de\/\/?utm_source=link-attribution&amp;utm_medium=referral&amp;utm_campaign=image&amp;utm_content=4692572\">Pixabay<\/a><\/p>\n","protected":false},"excerpt":{"rendered":"<p>&#8230; diese tiefe, dunkle und sehr stille&#8230; Ja was eigentlich?! Traurigkeit? Depression? Einsamkeit? Verzweiflung? Hoffnungslosigkeit? Um ehrlich zu sein, wei\u00df ich das gerade gar nicht genau. Es ist sicherlich eine (wilde) Mischung aus allem, aber eigentlich bin ich meisten sehr gut darin, die &#8222;treibende Kraft&#8220; hinter solchen Phasen zu deuten. Aktuell laufe ich aber wohl [&hellip;]<\/p>\n","protected":false},"author":1,"featured_media":1704368,"comment_status":"open","ping_status":"open","sticky":false,"template":"","format":"standard","meta":{"_jetpack_memberships_contains_paid_content":false,"footnotes":""},"categories":[167],"tags":[287,230,175,453,308,448,454,179,447,455,231,312,452,351,450,451],"class_list":["post-1704349","post","type-post","status-publish","format-standard","has-post-thumbnail","hentry","category-kopfkirmes","tag-adhs","tag-angst","tag-depression","tag-dunkel","tag-gedanken","tag-gelaehmt","tag-grau","tag-kopfkirmes","tag-psyche","tag-schwarz","tag-sorgen","tag-stress","tag-ueberforderung","tag-umzug","tag-wohnungslos","tag-wohnungssuche"],"jetpack_featured_media_url":"https:\/\/kopfkirmes.info\/wp-content\/uploads\/2023\/12\/umbrella-4692572_1920-1.jpg","jetpack_shortlink":"https:\/\/wp.me\/p2hr3K-79nv","jetpack_sharing_enabled":true,"_links":{"self":[{"href":"https:\/\/kopfkirmes.info\/index.php?rest_route=\/wp\/v2\/posts\/1704349","targetHints":{"allow":["GET"]}}],"collection":[{"href":"https:\/\/kopfkirmes.info\/index.php?rest_route=\/wp\/v2\/posts"}],"about":[{"href":"https:\/\/kopfkirmes.info\/index.php?rest_route=\/wp\/v2\/types\/post"}],"author":[{"embeddable":true,"href":"https:\/\/kopfkirmes.info\/index.php?rest_route=\/wp\/v2\/users\/1"}],"replies":[{"embeddable":true,"href":"https:\/\/kopfkirmes.info\/index.php?rest_route=%2Fwp%2Fv2%2Fcomments&post=1704349"}],"version-history":[{"count":4,"href":"https:\/\/kopfkirmes.info\/index.php?rest_route=\/wp\/v2\/posts\/1704349\/revisions"}],"predecessor-version":[{"id":1704602,"href":"https:\/\/kopfkirmes.info\/index.php?rest_route=\/wp\/v2\/posts\/1704349\/revisions\/1704602"}],"wp:featuredmedia":[{"embeddable":true,"href":"https:\/\/kopfkirmes.info\/index.php?rest_route=\/wp\/v2\/media\/1704368"}],"wp:attachment":[{"href":"https:\/\/kopfkirmes.info\/index.php?rest_route=%2Fwp%2Fv2%2Fmedia&parent=1704349"}],"wp:term":[{"taxonomy":"category","embeddable":true,"href":"https:\/\/kopfkirmes.info\/index.php?rest_route=%2Fwp%2Fv2%2Fcategories&post=1704349"},{"taxonomy":"post_tag","embeddable":true,"href":"https:\/\/kopfkirmes.info\/index.php?rest_route=%2Fwp%2Fv2%2Ftags&post=1704349"}],"curies":[{"name":"wp","href":"https:\/\/api.w.org\/{rel}","templated":true}]}}