{"id":1700464,"date":"2023-12-02T11:56:40","date_gmt":"2023-12-02T09:56:40","guid":{"rendered":"https:\/\/danwolf.de\/?p=1700464"},"modified":"2024-07-15T16:24:16","modified_gmt":"2024-07-15T14:24:16","slug":"koennen-menschen-eigentlich-betriebsblind-werden","status":"publish","type":"post","link":"https:\/\/kopfkirmes.info\/?p=1700464","title":{"rendered":"K\u00f6nnen Menschen eigentlich &#8222;Betriebsblind&#8220; werden?!"},"content":{"rendered":"<p>Ich sitze gerade mal wieder in der Bahn, hab (zum Gl\u00fcck) meine ANC-Kopfh\u00f6rer auf und muss ein bisschen Druck los werden&#8230; \ud83d\ude05<\/p>\n<p>Warum zum Geier sind Menschen (viele, nicht alle!) so absolut &#8222;Betriebsblind&#8220; wenn sie in der \u00d6ffentlichkeit unterwegs sind?! \ud83d\ude35\u200d\ud83d\udcab<\/p>\n<p>Das einem im \u00d6PNV die gesamte olfaktorische geboten wird&#8230; Geschenkt! Ich kann ja schlecht das Atmen einstellen. Aber warum muss ich anderen Menschen extremst auf die Pelle r\u00fccken, gerade beim Ein- &amp; Aussteigen&#8230; Wollen die Leute auf den Arm genommen werden oder was?! Oder so grunds\u00e4tzlich&#8230; Warum kann man keinen vern\u00fcnftigen Abstand halten?! Auf nem 300m Bahnsteig, der nur m\u00e4\u00dfig bev\u00f6lkert ist, stellt man sich (am besten noch mit ner dicken Vape) direkt neben einen anderen Menschen?! Wirklich&#8230; Kein 50cm! \ud83d\ude44<\/p>\n<p>Was scheinbar auch sehr &#8222;beliebt&#8220; ist, die eigene Lautst\u00e4rke ins Unermessliche hochziehen. \ud83e\udd28 Ich hab ja zum Gl\u00fcck schon ANC-Kopfh\u00f6rer auf, so schlecht sind die jetzt nicht und trotzdem bekomme ich teilweise noch Unterhaltungen im Zug\/am Bahnsteig von anderen Menschen mit&#8230;. Warum?! \ud83e\udd14\ud83d\ude44<\/p>\n<p>Und \u00fcberhaupt&#8230; Dieser ganze egoistische Kackschei\u00df! Hauptsache man dr\u00e4ngeln und dr\u00fcckt&#8230; Man k\u00f6nnte ja 2 Sekunden verlieren?! \ud83d\ude43<\/p>\n<p>Ist das wirklich schlimmer geworden oder bin ich da einfach nur sehr empfindlich?!<\/p>\n","protected":false},"excerpt":{"rendered":"<p>Ich sitze gerade mal wieder in der Bahn, hab (zum Gl\u00fcck) meine ANC-Kopfh\u00f6rer auf und muss ein bisschen Druck los werden&#8230; \ud83d\ude05 Warum zum Geier sind Menschen (viele, nicht alle!) so absolut &#8222;Betriebsblind&#8220; wenn sie in der \u00d6ffentlichkeit unterwegs sind?! \ud83d\ude35\u200d\ud83d\udcab Das einem im \u00d6PNV die gesamte olfaktorische geboten wird&#8230; Geschenkt! Ich kann ja schlecht [&hellip;]<\/p>\n","protected":false},"author":1,"featured_media":1700460,"comment_status":"open","ping_status":"open","sticky":false,"template":"","format":"standard","meta":{"_jetpack_memberships_contains_paid_content":false,"footnotes":""},"categories":[167],"tags":[440,443,441,442,140,444,438,445,439],"class_list":["post-1700464","post","type-post","status-publish","format-standard","has-post-thumbnail","hentry","category-kopfkirmes","tag-abstand","tag-bahn","tag-egoistisch","tag-gefuehl","tag-menschen","tag-nachdenken","tag-oepnv","tag-warum","tag-zug"],"jetpack_featured_media_url":"https:\/\/kopfkirmes.info\/wp-content\/uploads\/2023\/12\/regional-train-rail-cars-platform-deutsche-bahn-159148.jpeg","jetpack_shortlink":"https:\/\/wp.me\/p2hr3K-78mQ","jetpack_sharing_enabled":true,"_links":{"self":[{"href":"https:\/\/kopfkirmes.info\/index.php?rest_route=\/wp\/v2\/posts\/1700464","targetHints":{"allow":["GET"]}}],"collection":[{"href":"https:\/\/kopfkirmes.info\/index.php?rest_route=\/wp\/v2\/posts"}],"about":[{"href":"https:\/\/kopfkirmes.info\/index.php?rest_route=\/wp\/v2\/types\/post"}],"author":[{"embeddable":true,"href":"https:\/\/kopfkirmes.info\/index.php?rest_route=\/wp\/v2\/users\/1"}],"replies":[{"embeddable":true,"href":"https:\/\/kopfkirmes.info\/index.php?rest_route=%2Fwp%2Fv2%2Fcomments&post=1700464"}],"version-history":[{"count":2,"href":"https:\/\/kopfkirmes.info\/index.php?rest_route=\/wp\/v2\/posts\/1700464\/revisions"}],"predecessor-version":[{"id":1700485,"href":"https:\/\/kopfkirmes.info\/index.php?rest_route=\/wp\/v2\/posts\/1700464\/revisions\/1700485"}],"wp:featuredmedia":[{"embeddable":true,"href":"https:\/\/kopfkirmes.info\/index.php?rest_route=\/wp\/v2\/media\/1700460"}],"wp:attachment":[{"href":"https:\/\/kopfkirmes.info\/index.php?rest_route=%2Fwp%2Fv2%2Fmedia&parent=1700464"}],"wp:term":[{"taxonomy":"category","embeddable":true,"href":"https:\/\/kopfkirmes.info\/index.php?rest_route=%2Fwp%2Fv2%2Fcategories&post=1700464"},{"taxonomy":"post_tag","embeddable":true,"href":"https:\/\/kopfkirmes.info\/index.php?rest_route=%2Fwp%2Fv2%2Ftags&post=1700464"}],"curies":[{"name":"wp","href":"https:\/\/api.w.org\/{rel}","templated":true}]}}