{"id":1699631,"date":"2023-12-01T18:00:00","date_gmt":"2023-12-01T16:00:00","guid":{"rendered":"https:\/\/danwolf.de\/?p=1699631"},"modified":"2024-07-15T16:24:16","modified_gmt":"2024-07-15T14:24:16","slug":"social-media-die-kopfkirmes","status":"publish","type":"post","link":"https:\/\/kopfkirmes.info\/?p=1699631","title":{"rendered":"Social Media &#038; die #Kopfkirmes"},"content":{"rendered":"\n<p>Ich hab ja hier mal irgendwo geschrieben, dass ich &#8211; nachdem Twitter\/X g\u00e4nzlich den Bach runtergegangen ist &#8211; hier im Blog mal h\u00e4ufiger meine Gedanken &#8222;zu Papier&#8220; bringen m\u00f6chte. Das was ich vormalig eben bei Twitter getan habe&#8230;<\/p>\n\n\n\n<p>Allerdings hab ich diesen Gedanken &#8211; wer mag es glauben &#8211; schnell wieder vergessen! \ud83d\ude05<br>Was aber gar nicht mal so schlimm ist, auch wenn ich gerade wieder merke, wie sehr mir es doch Spa\u00df bringt zu Schreiben. Aber&#8230; Da ich die Blogbeitr\u00e4ge, gerade die etwas k\u00fcrzeren, in der Hauptsache inzwischen am Smartphone tippe, habe ich dort nat\u00fcrlich auch zig andere Apps drauf, die mich hervorragend rausrei\u00dfen und zum Prokrastinieren bringen. \ud83d\ude44<\/p>\n\n\n\n<p>Fr\u00fcher\u2122 war es eben Twitter wo ich stundenlang durch verschiedenen Timelines gescrollt bin, inzwischen hat Instagram &#8211; grad in letzter Zeit &#8211; ungeschlagen den ersten Platz bei mir eingenommen. Und zwar an manchen Tagen echt b\u00f6se. Da habe ich Teileweise auf dem Smartphone Bildschirmzeiten von 6-8h t\u00e4glich und davon bestimmt 3\/4 nur Instagram. Eine Zeit lang habe ich mal versuch, im Zuge von &#8222;Recherche&#8220; zum Thema AD(H)S, mit Reddit warm zu werden, allerdings hat die Un\u00fcbersichtlichkeit mein ADS-Hirn v\u00f6llig \u00fcberfordert. TikTok hab ich damals als es aufkam mal f\u00fcr ungef\u00e4hr 3 Sekunden genutzt und danach nie wieder angepackt, ich war wortw\u00f6rtlich geflasht von der Schnelligkeit und finde das Format und vor allem die inflation\u00e4re Beballerung mit (meist nichtssagenden) Inhalten auch immer noch nicht wirklich gut. Der Kelch ist also zum Gl\u00fcck an mir vorbeigegangen. YouTube ist in den letzten Jahren weniger geworden&#8230; Auch dort werden die Inhalte in der gro\u00dfen Masse eben nur noch inflation\u00e4r und ersetzbar durch viele beliebige andere Inhalte, zumal das Unternehmen eben auch mehr &amp; mehr die Plattform mit Werbung zuballert&#8230;<\/p>\n\n\n\n<p>Im Gesamten ist das f\u00fcr ein ADS-Hirn nat\u00fcrlich ein Fluch &amp; Segen zugleich&#8230; Nat\u00fcrlich, ich scrolle durch die vielen Plattformen quasi nur durch, lasse mich &amp; das Hirn berieseln, was nat\u00fcrlich zu einer gewissen &#8222;Entlastung\/Entspannung&#8220; des ADS-Hirn mit sich bringt. Allerdings l\u00e4sst mich dieses sinnbefreite Scrollen nat\u00fcrlich auch oft alles andere vergessen, ich schiebe selbst kleinste Aufgaben vor mir her, verliere nicht selten v\u00f6llig das Zeitgef\u00fchl&#8230; Prokrastination in Reinform eben! \ud83d\ude04<\/p>\n\n\n\n<p>Zumal ich eben auch schon vorm Niedergang von Twitter deutlich feststellen musste, dass sich &#8222;Social Media&#8220; arg ge\u00e4ndert hat. Klar, auch schon vor Corona gab es sehr viel &#8222;Hate-Speech&#8220; im Netz, die Diskussionen im Netz waren selten h\u00f6her als Facebook-Niveau und inhaltlich bestand das Netz halt schon immer zu gef\u00fchlt 80% Bullshit. Wahrscheinlich haben dann die 2 Jahre &#8222;Isolation&#8220; viele, viele Menschen ins Netz getrieben und leider scheinbar haben es sich die meisten dort auch wohl heimisch gemacht. Ja klar, es ist 2023, wir leben in einer digitalen Welt, dass die klassischen Nachrichtensendungen Abends um 20.00 Uhr verliert immer mehr an Bedeutung&#8230; Schnell, schnell, schnell (irgendwelche) News ins Netz blasen, leider viel zu oft auch mit wenig Substanz oder gar ernsthaften Recherche. Das hat ja schon Corona gezeigt, bim Ukrainekrieg ging es dann richtig los und jetzt momentan mit der ganzen Thematik rund um den Nahen Osten&#8230; \ud83d\ude35<\/p>\n\n\n\n<p>Ich bemerke dabei immer mehr, wie schlecht es mir damit geht. Nicht nur weil die &#8222;negativen&#8220; Nachrichten seit Corona irgendwie nicht abrei\u00dfen wollen &amp; scheinbar im Wochentakt kommen, sondern auch weil mich eben oft die zahlreichen &#8222;Randdiskussionen&#8220; enorm belasten. H\u00e4ufig, weil ich im Sumpf der (stumpfen) Argumenten irgendwann einfach nicht mehr hinterher komme, sehr oft aber auch weil sich irgendwann die &#8222;Stimmung&#8220; der verschiedenen (Meinungs)Lager aufschaukelt &amp; im Endeffekt dann auch eskaliert. Nicht selten schmei\u00dfen sich dann die Beteiligten irgendwelche Beleidigungen an den Kop und ziehen dann wie ein beleidigtes Kleinkind ab. <\/p>\n\n\n\n<p>Ne&#8230; Das hab ich selbst in der gehassten Prokrastination keinen Bock mehr drauf! \ud83d\ude02<\/p>\n\n\n\n<p>Daher bin ich in der Tat froh, dass auf der einen Seite die ein oder andere Plattform so langsam den Bach runtergeht (Twitter\/X schafft sich grad selbst ab, Facebook ist -gef\u00fchlt- schon lange begraben) und ich auf der anderen Seiten gerade im letzten Monat gar nicht mehr so sehr die Zeit f\u00fcr den ganzen Bullshit gefunden habe&#8230;Umzugterror\/-stress sei Dank (Dazu plane ich \u00fcbrigens auch in B\u00e4lde mal einen eigenen Beitrag&#8230; AD(H)S &amp; Umzug&#8230; \ud83e\udd2f)! Daher auch mein &#8222;festes Vorhaben&#8220; f\u00fcr das neue Jahr (Quasi als Neujahrvorsatz), den Konsum gerade von Social Media ganz deutlich herunterzufahren, wenn nicht sogar auf das wirklich aller n\u00f6tigste zu beschr\u00e4nken (Ja, leider bin ich der \u00dcberzeugung, dass es heutzutage schon fast gar nicht mehr ohne Instagram &amp; Co. geht!)&#8230;<\/p>\n\n\n\n<p>Dr\u00fcckt mir und meinem ADS-Hirn mal die Daumen bei dem Vorhaben&#8230; \ud83d\ude09\ud83d\ude05<\/p>\n\n\n\n<p style=\"font-size:10px\">Artikelbild von <a href=\"https:\/\/pixabay.com\/de\/users\/lobostudiohamburg-13838\/?utm_source=link-attribution&amp;utm_medium=referral&amp;utm_campaign=image&amp;utm_content=3113279\">Thomas Ulrich<\/a> auf <a href=\"https:\/\/pixabay.com\/de\/\/?utm_source=link-attribution&amp;utm_medium=referral&amp;utm_campaign=image&amp;utm_content=3113279\">Pixabay<\/a><\/p>\n","protected":false},"excerpt":{"rendered":"<p>Ich hab ja hier mal irgendwo geschrieben, dass ich &#8211; nachdem Twitter\/X g\u00e4nzlich den Bach runtergegangen ist &#8211; hier im Blog mal h\u00e4ufiger meine Gedanken &#8222;zu Papier&#8220; bringen m\u00f6chte. Das was ich vormalig eben bei Twitter getan habe&#8230; Allerdings hab ich diesen Gedanken &#8211; wer mag es glauben &#8211; schnell wieder vergessen! \ud83d\ude05Was aber gar [&hellip;]<\/p>\n","protected":false},"author":1,"featured_media":1699640,"comment_status":"open","ping_status":"open","sticky":false,"template":"","format":"standard","meta":{"_jetpack_memberships_contains_paid_content":false,"footnotes":""},"categories":[167],"tags":[431,432,437,434,74,435,433,430,429,436,39],"class_list":["post-1699631","post","type-post","status-publish","format-standard","has-post-thumbnail","hentry","category-kopfkirmes","tag-ablenkung","tag-ads-hirn","tag-anstrengend","tag-diskussionen","tag-facebook","tag-instagram","tag-negative-gefuehle","tag-prokrastination","tag-social-media","tag-tiktok","tag-twitter"],"jetpack_featured_media_url":"https:\/\/kopfkirmes.info\/wp-content\/uploads\/2023\/11\/internet-3113279_1280.jpg","jetpack_shortlink":"https:\/\/wp.me\/p2hr3K-789p","jetpack_sharing_enabled":true,"_links":{"self":[{"href":"https:\/\/kopfkirmes.info\/index.php?rest_route=\/wp\/v2\/posts\/1699631","targetHints":{"allow":["GET"]}}],"collection":[{"href":"https:\/\/kopfkirmes.info\/index.php?rest_route=\/wp\/v2\/posts"}],"about":[{"href":"https:\/\/kopfkirmes.info\/index.php?rest_route=\/wp\/v2\/types\/post"}],"author":[{"embeddable":true,"href":"https:\/\/kopfkirmes.info\/index.php?rest_route=\/wp\/v2\/users\/1"}],"replies":[{"embeddable":true,"href":"https:\/\/kopfkirmes.info\/index.php?rest_route=%2Fwp%2Fv2%2Fcomments&post=1699631"}],"version-history":[{"count":3,"href":"https:\/\/kopfkirmes.info\/index.php?rest_route=\/wp\/v2\/posts\/1699631\/revisions"}],"predecessor-version":[{"id":1699745,"href":"https:\/\/kopfkirmes.info\/index.php?rest_route=\/wp\/v2\/posts\/1699631\/revisions\/1699745"}],"wp:featuredmedia":[{"embeddable":true,"href":"https:\/\/kopfkirmes.info\/index.php?rest_route=\/wp\/v2\/media\/1699640"}],"wp:attachment":[{"href":"https:\/\/kopfkirmes.info\/index.php?rest_route=%2Fwp%2Fv2%2Fmedia&parent=1699631"}],"wp:term":[{"taxonomy":"category","embeddable":true,"href":"https:\/\/kopfkirmes.info\/index.php?rest_route=%2Fwp%2Fv2%2Fcategories&post=1699631"},{"taxonomy":"post_tag","embeddable":true,"href":"https:\/\/kopfkirmes.info\/index.php?rest_route=%2Fwp%2Fv2%2Ftags&post=1699631"}],"curies":[{"name":"wp","href":"https:\/\/api.w.org\/{rel}","templated":true}]}}