{"id":1699219,"date":"2023-11-30T11:40:42","date_gmt":"2023-11-30T09:40:42","guid":{"rendered":"https:\/\/danwolf.de\/?p=1699219"},"modified":"2024-07-15T16:24:16","modified_gmt":"2024-07-15T14:24:16","slug":"sammelsurium-von-gedanken","status":"publish","type":"post","link":"https:\/\/kopfkirmes.info\/?p=1699219","title":{"rendered":"Sammelsurium von Gedanken"},"content":{"rendered":"\n<p>Ja Hallo&#8230; Alle anderen sind wahrscheinlich schon im (Vor)Weihnachtsfieber, ich wische (mal wieder) die dicke Staubschicht hier im Blog weg&#8230; \ud83d\ude09<br \/><br \/>Allerdings m\u00f6chte ich mich heute (hoffentlich) relativ kurz halten&#8230; Momentan ist hier im echten Leben &#8222;Umzugschaos&#8220;, eine nur m\u00e4\u00dfige Stimmung und mal wieder totales Chaos im Kopf angesagt&#8230; AD(H)S in Reinform eben! \ud83d\ude05<\/p>\n\n\n\n<p>Daher nur ganz fix zwei, drei Sachen:<\/p>\n\n\n\n<ul class=\"wp-block-list\">\n<li>Vielleicht ist es dem ein oder anderen mit Blick auf den Header schon aufgefallen, ich habe eine weitere Domain registriert (kopfkirmes<strong><em>.info<\/em><\/strong>). Diese Domain m\u00f6chte ich im n\u00e4chsten Jahr ein bisschen &#8222;pushen&#8220;, sie wird auch wahrscheinlich die neue &#8222;Hauptdomain&#8220;. Ich kann mich nicht mehr ganz so sehr mit meiner &#8222;Namensdomain&#8220; identifizieren, allerdings bleiben sowohl <em>danwolf.de<\/em> als auch <em>danwolf.info<\/em> weiterhin bestehen&#8230; Das Blog ist damit also unter dann drei Domains erreichbar&#8230;<br \/><br \/><\/li>\n\n\n\n<li>Zudem m\u00f6chte ich n\u00e4chstes Jahr &#8211; wenn der Umzug denn dann endlich mal durch ist &#8211; wieder verst\u00e4rkt hier schreiben. Ich habe in den letzten Wochen viel \u00fcberlegt, hab gezweifelt, hin &amp; her gedacht, Pl\u00e4ne gemacht, Pl\u00e4ne wieder umgeworfen, viele andere Kan\u00e4le angeschaut. Dabei ist mir (mal wieder) aufgefallen, dass ich mich tats\u00e4chlich beim Schreiben am Wohlsten f\u00fchle. Instagram als &#8222;Plattform&#8220; genauso wie &#8222;YouTube&#8220; ist so gar nix meins&#8230; Daher wird es (ich hoffe es wirklich sehr), im kommenden Jahr wieder etwas mehr Beitr\u00e4ge hier&#8230;<\/li>\n<\/ul>\n\n\n\n<p>Und in diesem Zuge, bin ich auch auf einen (relativ neuen) YouTube\/Instagramkanal gesto\u00dfen, ADHSo! Der Bene sticht erfreulicherweise ein bisschen &#8211; grad bei Instagram &#8211; heraus. Nicht falsch verstehen, aber die &#8222;AD(H)S-Bubble&#8220; besonders bei Instagram ist doch sehr weiblich gepr\u00e4gt (Was auch in gewisser Weise klar ist&#8230; Ist die Diagnose bei Frauen leider noch immer sehr unterrepr\u00e4sentiert). Daher hat mich der Kanal gleich gepackt, aber auch, weil er sehr authentisch von seinen Erfahrungen berichtet. Die Videos auf seinem YouTube Kanal habe ich &#8222;gebingwatched&#8220; und hab mich an verdammt vielen Stelle wiedergefunden. Nat\u00fcrlich wahrscheinlich auch, weil wir beiden eine \u00e4hnliche Vita haben. Ich kann den Bene echt nur empfehlen, grad auch f\u00fcr alle die gerne &#8222;lebensechte&#8220; Basics zu dem Thema (adultes) AD(H)S haben m\u00f6chte&#8230;<br><br><a href=\"https:\/\/www.instagram.com\/adhso_undnichtanders\/\">ADHSo! Instagram<\/a> &#8211; <a href=\"https:\/\/www.youtube.com\/channel\/UCvbIrIasiyIX5NP4PwVq3Zg\">ADHSo! YouTube<\/a><\/p>\n\n\n\n<p>Und mit dieser Empfehlung m\u00f6chte ich vorerst f\u00fcr heute gut sein lassen&#8230; Meine ToDo Liste f\u00fcr heute ist noch reichlich voll&#8230; \ud83d\ude09 Bis die Tage mal&#8230; \ud83d\udc4b<\/p>\n\n\n\n<p style=\"font-size:10px\">Artikelbild von <a href=\"https:\/\/pixabay.com\/de\/users\/kerttu-569708\/?utm_source=link-attribution&amp;utm_medium=referral&amp;utm_campaign=image&amp;utm_content=1151405\">Kerttu<\/a> auf <a href=\"https:\/\/pixabay.com\/de\/\/?utm_source=link-attribution&amp;utm_medium=referral&amp;utm_campaign=image&amp;utm_content=1151405\">Pixabay<\/a><\/p>\n","protected":false},"excerpt":{"rendered":"<p>Ja Hallo&#8230; Alle anderen sind wahrscheinlich schon im (Vor)Weihnachtsfieber, ich wische (mal wieder) die dicke Staubschicht hier im Blog weg&#8230; \ud83d\ude09 Allerdings m\u00f6chte ich mich heute (hoffentlich) relativ kurz halten&#8230; Momentan ist hier im echten Leben &#8222;Umzugschaos&#8220;, eine nur m\u00e4\u00dfige Stimmung und mal wieder totales Chaos im Kopf angesagt&#8230; AD(H)S in Reinform eben! \ud83d\ude05 Daher [&hellip;]<\/p>\n","protected":false},"author":1,"featured_media":1699232,"comment_status":"open","ping_status":"open","sticky":false,"template":"","format":"standard","meta":{"_jetpack_memberships_contains_paid_content":false,"footnotes":""},"categories":[167],"tags":[427,428,52,308,179,425,426],"class_list":["post-1699219","post","type-post","status-publish","format-standard","has-post-thumbnail","hentry","category-kopfkirmes","tag-adhso","tag-domain","tag-empfehlung","tag-gedanken","tag-kopfkirmes","tag-kurzes","tag-youtube"],"jetpack_featured_media_url":"https:\/\/kopfkirmes.info\/wp-content\/uploads\/2023\/11\/book-wall-1151405_1280.jpg","jetpack_shortlink":"https:\/\/wp.me\/p2hr3K-782L","jetpack_sharing_enabled":true,"_links":{"self":[{"href":"https:\/\/kopfkirmes.info\/index.php?rest_route=\/wp\/v2\/posts\/1699219","targetHints":{"allow":["GET"]}}],"collection":[{"href":"https:\/\/kopfkirmes.info\/index.php?rest_route=\/wp\/v2\/posts"}],"about":[{"href":"https:\/\/kopfkirmes.info\/index.php?rest_route=\/wp\/v2\/types\/post"}],"author":[{"embeddable":true,"href":"https:\/\/kopfkirmes.info\/index.php?rest_route=\/wp\/v2\/users\/1"}],"replies":[{"embeddable":true,"href":"https:\/\/kopfkirmes.info\/index.php?rest_route=%2Fwp%2Fv2%2Fcomments&post=1699219"}],"version-history":[{"count":6,"href":"https:\/\/kopfkirmes.info\/index.php?rest_route=\/wp\/v2\/posts\/1699219\/revisions"}],"predecessor-version":[{"id":1699411,"href":"https:\/\/kopfkirmes.info\/index.php?rest_route=\/wp\/v2\/posts\/1699219\/revisions\/1699411"}],"wp:featuredmedia":[{"embeddable":true,"href":"https:\/\/kopfkirmes.info\/index.php?rest_route=\/wp\/v2\/media\/1699232"}],"wp:attachment":[{"href":"https:\/\/kopfkirmes.info\/index.php?rest_route=%2Fwp%2Fv2%2Fmedia&parent=1699219"}],"wp:term":[{"taxonomy":"category","embeddable":true,"href":"https:\/\/kopfkirmes.info\/index.php?rest_route=%2Fwp%2Fv2%2Fcategories&post=1699219"},{"taxonomy":"post_tag","embeddable":true,"href":"https:\/\/kopfkirmes.info\/index.php?rest_route=%2Fwp%2Fv2%2Ftags&post=1699219"}],"curies":[{"name":"wp","href":"https:\/\/api.w.org\/{rel}","templated":true}]}}