{"id":1164007,"date":"2021-07-01T20:24:18","date_gmt":"2021-07-01T18:24:18","guid":{"rendered":"https:\/\/danwolf.de\/?p=1164007"},"modified":"2024-07-15T16:24:20","modified_gmt":"2024-07-15T14:24:20","slug":"repeatmodus-on","status":"publish","type":"post","link":"https:\/\/kopfkirmes.info\/?p=1164007","title":{"rendered":"Repeatmodus ON"},"content":{"rendered":"\n<h4 class=\"has-text-align-center wp-block-heading\"><strong><em>Oder: Es herrscht (mal wieder) ordentlich Chaos im Kopf!<\/em><\/strong><\/h4>\n\n\n\n<p>Lang, lang ist es her seit dem letzten Beitrag. Und eigentlich habe ich gehofft, mit der ADS-Medikation kehrt mal ein bisschen &#8222;Ruhe &amp; Ordnung&#8220; in mein sonst doch so &#8222;unstetiges&#8220; Leben ein. Aber weit gefehlt&#8230; Aktuell herrscht mehr Chaos als je zuvor, der Alltag ist elendig stressig und die #Kopfkirmes dreht seit einigen Wochen wieder mal voll auf. \ud83d\ude35<\/p>\n\n\n\n<p>Ich hatte \u00fcberlegt, mehrere Beitr\u00e4ge zu den verschiedenen &#8222;Baustellen&#8220; zu schreiben, aber ich hab A) momentan eh kaum den Kopf daf\u00fcr (Bin ja froh, dass ich mich jetzt mal hinsetzen konnte und ein paar Zeilen tippe) und B) fehlt mir grad ein bisschen der &#8222;rote Faden&#8220;. Daher werde ich hier jetzt einfach mal &#8222;runter schreiben&#8220;, was mich in den letzten Wochen so auf Trab h\u00e4lt&#8230;<\/p>\n\n\n\n<h2 class=\"wp-block-heading\" style=\"font-size:32px\">Die &#8222;ADS-Baustelle&#8220;<\/h2>\n\n\n\n<p>Tats\u00e4chlich eine der wenigen &#8222;erfreulichen&#8220; Baustellen&#8230; \ud83d\ude05<br>Die Medikation l\u00e4uft jetzt bald schon wieder 6 Monate, ist inzwischen gut eingestellt, es gibt erfreulich wenige &#8222;Nebenwirkungen&#8220; bei einem doch so &#8222;knalligen&#8220; Medikament, sie zeigt deutlich positive Auswirkungen auf meinen &#8222;Chaoskopf&#8220; und erleichtert mir im Alltag doch so einiges. Allein schon, dass ich jetzt Aufgaben &amp; &#8222;To-Dos&#8220; endlich mal an einem St\u00fcck abarbeiten kann, mich zeitgleich auch wesentlich besser dabei konzentrieren &amp; fokussieren kann, ist schon viel Wert. Daneben habe ich mich nat\u00fcrlich auch noch viel mit mir selbst, meiner Vergangenheit (ohne die gesicherte ADS-Diagnose) auseinandergesetzt und geplant ist &#8211; als bald wie m\u00f6glich &#8211; auch ein Austausch mit anderen Betroffenen in einer Selbsthilfegruppe o,\u00e4.<\/p>\n\n\n\n<p>In dieser Hinsicht &#8222;l\u00e4uft&#8220; es also durchaus, die Diagnose und die &#8222;Medis&#8220; haben da schon viel bewegt&#8230; \ud83d\udc4c<\/p>\n\n\n\n<h2 class=\"wp-block-heading\" style=\"font-size:32px\">Die &#8222;Corona-Baustelle&#8220;<\/h2>\n\n\n\n<p>Anders sieht es da bei dem (immer noch) allgegenw\u00e4rtigen Thema Corona (und &#8222;Impfung&#8220;) aus.<br>Das Thema besch\u00e4ftigt mich seit Anfang Mai tats\u00e4chlich verst\u00e4rkt und &#8222;befeuert&#8220; meine #Kopfkirmes auch stetig weiter. Wer mir bei Twitter oder Instagram folgt, hat es eventuell schon mitbekommen: F\u00fcr mich ist es durchaus belastend, wenn jetzt alle Welt, aber vor allem der Freundes- &amp; Bekanntenkreis, &#8222;von Null auf Hundert&#8220; in die (vermeintliche) Normalit\u00e4t mit Urlaub, Kneipenbesuche und &#8222;Maskenfreiheit&#8220; startet. Das setzt mich &amp; meine #Kopfkirmes ganz sch\u00f6n unter Druck. Nicht weil ich den Menschen nicht g\u00f6nne oder selbst kein Bock drauf habe (Gut, so wirklich Bock habe ich momentan tats\u00e4chlich nicht drauf!), sondern weil es f\u00fcr mich pers\u00f6nlich (auch nach den Erfahrungen aus dem letzten Jahr) nicht unbedingt das richtige Signal ist. Dazu kommt dann das gro\u00dfe Theater um die Impfung. Die Politik hat ja alles daf\u00fcr getan (bzw. daran geglaubt), dass ein jeder B\u00fcrger ab sp\u00e4testens Anfang Juni (angeblich) einen Termin zum Impfen bekommen sollte. Nun ja&#8230; Pustekuchen und so! Zuerst war (wieder) nicht genug &#8222;Impfsaft&#8220; da, dann hie\u00df es dass doch noch nicht einmal alle &#8222;Prio-Gruppen&#8220; durchgeimpft worden sein und zuletzt musste man sich mit diversen &#8222;Vordr\u00e4nglern&#8220; &amp; &#8222;Impf-Egoisten&#8220; (Auch in meinem n\u00e4heren Umfeld) rumschlagen. <\/p>\n\n\n\n<p>Das alles hat mich nicht nur ge\u00e4rgert (Ich h\u00e4tte -rein theoretisch- durch meine &#8222;psychischen Erkrankungen&#8220; schon in Prio2 einen Anspruch auf eine Spritze gehabt, hab aber verzichtet, da ich mich nicht aufgrund meiner &#8222;Einschr\u00e4nkungen&#8220; vordr\u00e4ngeln wollte und den Impfstoff gerne Berufsgruppen \u00fcberlassen habe, die ihn wirklich gebraucht haben), es hat mich auch ziemlich fassungslos gemacht. Sp\u00e4testens mit der Ank\u00fcndigung, dass ab Anfang Juni alle geimpft werden sollen\/d\u00fcrfen, fielen ganz offensichtlich alle &#8222;Schranken&#8220;. Da gab es kein Halten mehr, es wurden teilweise mehrere Impftermine pro Person gebucht, \u00fcber diverse Apps &amp; Webseiten alles an &#8222;Terminfenstern&#8220; mitgenommen was ging, teilweise gab es sogar einen regelrechten Impftourismus. Warum auch etwas aus der ganzen Sache lernen&#8230; Ganz schnell wieder zur\u00fcck zu alten &#8222;Tugenden&#8220;, die Ellenbogen ausfahren und ala &#8222;Nach mir die Sinnflut&#8220; nur auf seinen eigenen Vorteil bedacht sein. Und daf\u00fcr habe ich mich Wochenlang zur\u00fcckgehalten, bin lieber Zuhause geblieben und wollte niemanden &#8222;etwas wegnehmen&#8220;?! Sorry&#8230; Fick Euch! Hart!<\/p>\n\n\n\n<p>Dieses Verhalten hat mir (mal wieder) erschreckend deutlich aufgezeigt, warum ich Menschen so gerne &#8222;mag&#8220;&#8230; \ud83d\ude09<\/p>\n\n\n\n<p>Und gleichzeitig hat es mich arg unter Druck gesetzt, doch endlich mal den Pieks zu bekommen. Aus oben erw\u00e4hnten Gr\u00fcnden war das aber lange Zeit gar nicht so einfach. Auf irgendwelche &#8222;halbseidenen&#8220; Apps o. Webseiten wollte ich nicht zur\u00fcckgreifen. Das \u00f6rtliche Impfzentrum oder eben der Hausarzt bzw. Facharzt sollte mein erster (und einziger) Ansprechpartner sein. Ging aber eben dann auch nicht so leicht. Ich hab jetzt Ende Juni dann endlich (und auch eher durch Zufall) meinen ersten Pieks beim Hausarzt bekommen&#8230; Damit ist dann schon mal ein Teil der &#8222;Belastung&#8220; von mir abgefallen. \u00dcber das Verhalten der Menschen bei dem ganzen &#8222;Impfthema&#8220; nachzudenken, hab ich dann irgendwann auch mal <s>sein gelassen<\/s> pausiert, dazu hat mir das Leben genug andere Baustellen bereitgehalten.<\/p>\n\n\n\n<p>Das trete ich (vielleicht) mal ein anderes Mal hier im Blog breit&#8230;<\/p>\n\n\n\n<h2 class=\"wp-block-heading\" style=\"font-size:32px\">Alle anderen Baustellen<\/h2>\n\n\n\n<p>Und dann waren da noch so viele andere kleiner oder gr\u00f6\u00dfere Baustellen. Einzel betrachtet vielleicht &#8222;nicht der Rede wert&#8220;, aber wenn das Fass eh schon fast \u00fcberl\u00e4uft, dann reichen manchmal auch &#8222;Kleinigkeiten&#8220;, um die D\u00e4mme endg\u00fcltig zum brechen zu bringen&#8230;<\/p>\n\n\n\n<p>Anfang Juni ist mein Vater verstorben, zu dem ich allerdings \u00fcber 10 Jahre kein Kontakt mehr hatte. An sich habe ich das (gef\u00fchlt) eigentlich relativ gut &#8222;verpackt&#8220;, aber es ist nat\u00fcrlich f\u00fcr Angeh\u00f6rige eine Menge &#8222;Arbeit&#8220; und zu sehen, wie sehr das meinen Bruder -der deutlich mehr &amp; intensiveren Kontakt zu ihm hatte- mitnimmt, zerrt dann doch schon ganz sch\u00f6n an der Substanz. Da ist auch noch kein &#8222;Ende in Sicht&#8220;, zwar war inzwischen die Beisetzung schon (Wohl auch f\u00fcr mich der gr\u00f6\u00dfte &#8222;Hammer&#8220; dabei), es gibt aber eben noch vieles anderes wie z.B. die Wohnungsaufl\u00f6sung und diverse b\u00fcrokratische Dinge zu regeln. Und als ob der Juni da nicht schon genug &#8222;auf die Kacke gehauen&#8220; h\u00e4tte, ist auch noch vor zwei Wochen meine Gro\u00dftante gestorben. Da war es allerdings eher &#8222;abzusehen&#8220; und nicht ganz so &#8222;unerwartet&#8220;, auch wegen ihrem fast schon biblischen Alter von 94. Trotzdem hat nat\u00fcrlich auch das bei mir noch mal ganz sch\u00f6n f\u00fcr Vorschub in Sachen #Kopfkirmes &amp; Depressionen gesorgt. Und wenn dann auch noch mehr oder weniger &#8222;nervige&#8220; Alltagsdinge dazu kommen (F\u00fcr die ich eigentlich so gar keinen Kopf habe), f\u00fchlt sich eben jener Kopf auch schon mal an, als w\u00fcrde er jeden Moment platzen. \ud83d\ude2b<\/p>\n\n\n\n<p>Wo ich noch Anfang\/Mitte Mai gedacht habe, ich sei &#8222;nur&#8220; in einer vor\u00fcbergehenden depressiven Episode (Jahreslange &#8222;Training&#8220;&#8230; Irgendwann kann man das halt &#8222;einsch\u00e4tzen \ud83e\udd37\u200d\u2642\ufe0f), die auch wieder vorbei geht, so bin ich inzwischen sicher, in mehr aus nur einer vor\u00fcbergehenden Episode zu h\u00e4ngen. Wenn ich mir so mein &#8222;Stimmungsbild&#8220; der letzten vier bis sechs Wochen anschaue, dann h\u00e4nge ich mit ganz wenigen Ausnahmen eigentlich nur im &#8222;negativen&#8220; (sehr depressiven) Bereich rum. Daher &#8222;muss&#8220; ich auch was dagegen tun, wenn das gr\u00f6bste &#8222;Chaos&#8220; mal vorbei ist, ist ein Aufenthalt in einer Klinik (mal wieder) fest geplant. Da habe ich (zum Gl\u00fcck) aus den letzten Jahren gelernt und ziehe (hoffentlich) rechtzeitig die &#8222;Rei\u00dfleine&#8220;, bevor mir der Kopf so richtig platzt. Dazu aber dann ggf. zur passenden Zeit mehr&#8230;<\/p>\n\n\n\n<p>Das soll erst einmal zum aktuellen &#8222;Stimmungsbild&#8220; reichen&#8230; Man k\u00f6nnte auch sagen: die letzten 2 Monate k\u00f6nnen wech! Oder vielleicht sogar das gesamte erste Halbjahr?! \ud83e\udd14\ud83d\ude44<\/p>\n\n\n\n<p>W\u00e4re ja auch zu sch\u00f6n, wenn man (ich) mal ein Jahr h\u00e4tte, in dem es keine Achterbahnfahrt auf der #Kopfkirmes geben w\u00fcrde&#8230;<\/p>\n\n\n\n<p style=\"font-size:10px\">Beitragsbild von <a href=\"https:\/\/pixabay.com\/de\/users\/rkit-646249\/?utm_source=link-attribution&amp;utm_medium=referral&amp;utm_campaign=image&amp;utm_content=587814\">Rupert Kittinger-Sereinig<\/a> auf <a href=\"https:\/\/pixabay.com\/de\/?utm_source=link-attribution&amp;utm_medium=referral&amp;utm_campaign=image&amp;utm_content=587814\">Pixabay<\/a><\/p>\n","protected":false},"excerpt":{"rendered":"<p>Oder: Es herrscht (mal wieder) ordentlich Chaos im Kopf! Lang, lang ist es her seit dem letzten Beitrag. Und eigentlich habe ich gehofft, mit der ADS-Medikation kehrt mal ein bisschen &#8222;Ruhe &amp; Ordnung&#8220; in mein sonst doch so &#8222;unstetiges&#8220; Leben ein. Aber weit gefehlt&#8230; Aktuell herrscht mehr Chaos als je zuvor, der Alltag ist elendig [&hellip;]<\/p>\n","protected":false},"author":1,"featured_media":1164012,"comment_status":"open","ping_status":"open","sticky":false,"template":"","format":"standard","meta":{"_jetpack_memberships_contains_paid_content":false,"footnotes":""},"categories":[167],"tags":[338,183,284,302,343,174,344,345,179,260,186,205,341,342],"class_list":["post-1164007","post","type-post","status-publish","format-standard","has-post-thumbnail","hentry","category-kopfkirmes","tag-ads","tag-behandlung","tag-chaos","tag-corona","tag-covid19","tag-depressionen","tag-impfung","tag-klinik","tag-kopfkirmes","tag-medikation","tag-psychotherapie","tag-therapie","tag-tod","tag-trauer"],"jetpack_featured_media_url":"https:\/\/kopfkirmes.info\/wp-content\/uploads\/2021\/07\/puzzle-587814_1920.jpg","jetpack_shortlink":"https:\/\/wp.me\/p2hr3K-4SOj","jetpack_sharing_enabled":true,"_links":{"self":[{"href":"https:\/\/kopfkirmes.info\/index.php?rest_route=\/wp\/v2\/posts\/1164007","targetHints":{"allow":["GET"]}}],"collection":[{"href":"https:\/\/kopfkirmes.info\/index.php?rest_route=\/wp\/v2\/posts"}],"about":[{"href":"https:\/\/kopfkirmes.info\/index.php?rest_route=\/wp\/v2\/types\/post"}],"author":[{"embeddable":true,"href":"https:\/\/kopfkirmes.info\/index.php?rest_route=\/wp\/v2\/users\/1"}],"replies":[{"embeddable":true,"href":"https:\/\/kopfkirmes.info\/index.php?rest_route=%2Fwp%2Fv2%2Fcomments&post=1164007"}],"version-history":[{"count":14,"href":"https:\/\/kopfkirmes.info\/index.php?rest_route=\/wp\/v2\/posts\/1164007\/revisions"}],"predecessor-version":[{"id":1164162,"href":"https:\/\/kopfkirmes.info\/index.php?rest_route=\/wp\/v2\/posts\/1164007\/revisions\/1164162"}],"wp:featuredmedia":[{"embeddable":true,"href":"https:\/\/kopfkirmes.info\/index.php?rest_route=\/wp\/v2\/media\/1164012"}],"wp:attachment":[{"href":"https:\/\/kopfkirmes.info\/index.php?rest_route=%2Fwp%2Fv2%2Fmedia&parent=1164007"}],"wp:term":[{"taxonomy":"category","embeddable":true,"href":"https:\/\/kopfkirmes.info\/index.php?rest_route=%2Fwp%2Fv2%2Fcategories&post=1164007"},{"taxonomy":"post_tag","embeddable":true,"href":"https:\/\/kopfkirmes.info\/index.php?rest_route=%2Fwp%2Fv2%2Ftags&post=1164007"}],"curies":[{"name":"wp","href":"https:\/\/api.w.org\/{rel}","templated":true}]}}